{"id":136,"date":"2009-03-03T14:36:59","date_gmt":"2009-03-03T13:36:59","guid":{"rendered":"http:\/\/www.vacancesitalie.net\/voyages\/?p=136"},"modified":"2009-03-03T14:37:52","modified_gmt":"2009-03-03T13:37:52","slug":"creadonna-2009-a-laquila","status":"publish","type":"post","link":"https:\/\/www.vacancesitalie.net\/voyages\/136\/creadonna-2009-a-laquila\/","title":{"rendered":"Creadonna 2009 \u00e0 l&#8217;Aquila"},"content":{"rendered":"<p style=\"text-align: left;\"><img loading=\"lazy\" decoding=\"async\" class=\"aligncenter\" title=\"mimosa\" src=\"http:\/\/farm1.static.flickr.com\/166\/418871329_ef7a847e97_m.jpg\" alt=\"\" width=\"180\" height=\"240\" \/><br \/>\nDu 8 au 20 mars 2009 aura lieu \u00e0 l&#8217;Aquila une manifestation qui est arriv\u00e9e d\u00e9j\u00e0 \u00e0 la 5\u00e8me \u00e9dition. Cette ann\u00e9e la manifestation aura lieu du 8 au 20 mars dans la zone r\u00e9serv\u00e9e du Palais Santoro Colella\u00a0 dans la rue IV novembre. Cette manifestation pr\u00e9voit l&#8217;exposition de peinture, sculpture provenant de toute la Val Peligna et aussi de l&#8217;Aquila et Pescara.<\/p>\n","protected":false},"excerpt":{"rendered":"<p>Du 8 au 20 mars 2009 aura lieu \u00e0 l&#8217;Aquila une manifestation qui est arriv\u00e9e d\u00e9j\u00e0 \u00e0 la 5\u00e8me \u00e9dition. Cette ann\u00e9e la manifestation aura lieu du 8 au 20 mars dans la zone r\u00e9serv\u00e9e du Palais Santoro Colella\u00a0 dans la rue IV novembre. Cette manifestation pr\u00e9voit l&#8217;exposition de peinture, sculpture provenant de toute la Val Peligna et aussi de l&#8217;Aquila et Pescara.<\/p>\n","protected":false},"author":2,"featured_media":0,"comment_status":"open","ping_status":"open","sticky":false,"template":"","format":"standard","meta":{"footnotes":""},"categories":[3],"tags":[15,13,14],"class_list":["post-136","post","type-post","status-publish","format-standard","hentry","category-evenements-en-italie","tag-exposition","tag-fete-de-la-femma","tag-manifestation-italie"],"yoast_head":"<!-- This site is optimized with the Yoast SEO plugin v25.5 - https:\/\/yoast.com\/wordpress\/plugins\/seo\/ -->\n<title>Creadonna 2009 \u00e0 l&#039;Aquila - Voyages et Vacances en Italie<\/title>\n<meta name=\"robots\" content=\"index, follow, max-snippet:-1, max-image-preview:large, max-video-preview:-1\" \/>\n<link rel=\"canonical\" href=\"https:\/\/www.vacancesitalie.net\/voyages\/136\/creadonna-2009-a-laquila\/\" \/>\n<meta property=\"og:locale\" content=\"en_US\" \/>\n<meta property=\"og:type\" content=\"article\" \/>\n<meta property=\"og:title\" content=\"Creadonna 2009 \u00e0 l&#039;Aquila - Voyages et Vacances en Italie\" \/>\n<meta property=\"og:description\" content=\"Du 8 au 20 mars 2009 aura lieu \u00e0 l&#8217;Aquila une manifestation qui est arriv\u00e9e d\u00e9j\u00e0 \u00e0 la 5\u00e8me \u00e9dition. Cette ann\u00e9e la manifestation aura lieu du 8 au 20 mars dans la zone r\u00e9serv\u00e9e du Palais Santoro Colella\u00a0 dans la rue IV novembre. Cette manifestation pr\u00e9voit l&#8217;exposition de peinture, sculpture provenant de toute la Val Peligna et aussi de l&#8217;Aquila et Pescara.\" \/>\n<meta property=\"og:url\" content=\"https:\/\/www.vacancesitalie.net\/voyages\/136\/creadonna-2009-a-laquila\/\" \/>\n<meta property=\"og:site_name\" content=\"Voyages et Vacances en Italie\" \/>\n<meta property=\"article:published_time\" content=\"2009-03-03T13:36:59+00:00\" \/>\n<meta property=\"article:modified_time\" content=\"2009-03-03T13:37:52+00:00\" \/>\n<meta property=\"og:image\" content=\"http:\/\/farm1.static.flickr.com\/166\/418871329_ef7a847e97_m.jpg\" \/>\n<meta name=\"author\" content=\"Sabina\" \/>\n<meta name=\"twitter:card\" content=\"summary_large_image\" \/>\n<meta name=\"twitter:label1\" content=\"Written by\" \/>\n\t<meta name=\"twitter:data1\" content=\"Sabina\" \/>\n<script type=\"application\/ld+json\" class=\"yoast-schema-graph\">{\"@context\":\"https:\/\/schema.org\",\"@graph\":[{\"@type\":\"WebPage\",\"@id\":\"https:\/\/www.vacancesitalie.net\/voyages\/136\/creadonna-2009-a-laquila\/\",\"url\":\"https:\/\/www.vacancesitalie.net\/voyages\/136\/creadonna-2009-a-laquila\/\",\"name\":\"Creadonna 2009 \u00e0 l'Aquila - Voyages et Vacances en Italie\",\"isPartOf\":{\"@id\":\"https:\/\/www.vacancesitalie.net\/voyages\/#website\"},\"primaryImageOfPage\":{\"@id\":\"https:\/\/www.vacancesitalie.net\/voyages\/136\/creadonna-2009-a-laquila\/#primaryimage\"},\"image\":{\"@id\":\"https:\/\/www.vacancesitalie.net\/voyages\/136\/creadonna-2009-a-laquila\/#primaryimage\"},\"thumbnailUrl\":\"http:\/\/farm1.static.flickr.com\/166\/418871329_ef7a847e97_m.jpg\",\"datePublished\":\"2009-03-03T13:36:59+00:00\",\"dateModified\":\"2009-03-03T13:37:52+00:00\",\"author\":{\"@id\":\"https:\/\/www.vacancesitalie.net\/voyages\/#\/schema\/person\/d9c0cba9e2ddf7916a42f0582a4eb6d3\"},\"breadcrumb\":{\"@id\":\"https:\/\/www.vacancesitalie.net\/voyages\/136\/creadonna-2009-a-laquila\/#breadcrumb\"},\"inLanguage\":\"en-US\",\"potentialAction\":[{\"@type\":\"ReadAction\",\"target\":[\"https:\/\/www.vacancesitalie.net\/voyages\/136\/creadonna-2009-a-laquila\/\"]}]},{\"@type\":\"ImageObject\",\"inLanguage\":\"en-US\",\"@id\":\"https:\/\/www.vacancesitalie.net\/voyages\/136\/creadonna-2009-a-laquila\/#primaryimage\",\"url\":\"http:\/\/farm1.static.flickr.com\/166\/418871329_ef7a847e97_m.jpg\",\"contentUrl\":\"http:\/\/farm1.static.flickr.com\/166\/418871329_ef7a847e97_m.jpg\"},{\"@type\":\"BreadcrumbList\",\"@id\":\"https:\/\/www.vacancesitalie.net\/voyages\/136\/creadonna-2009-a-laquila\/#breadcrumb\",\"itemListElement\":[{\"@type\":\"ListItem\",\"position\":1,\"name\":\"Home\",\"item\":\"https:\/\/www.vacancesitalie.net\/voyages\/\"},{\"@type\":\"ListItem\",\"position\":2,\"name\":\"Creadonna 2009 \u00e0 l&#8217;Aquila\"}]},{\"@type\":\"WebSite\",\"@id\":\"https:\/\/www.vacancesitalie.net\/voyages\/#website\",\"url\":\"https:\/\/www.vacancesitalie.net\/voyages\/\",\"name\":\"Voyages et Vacances en Italie\",\"description\":\"Astuces, renseignements et information sur l\\\\&#039;Italie. Divis\u00e9 par cat\u00e9gorie et par r\u00e9gion. Ev\u00e9nements, festivals et foires pour organiser les vacances en Italie.\",\"potentialAction\":[{\"@type\":\"SearchAction\",\"target\":{\"@type\":\"EntryPoint\",\"urlTemplate\":\"https:\/\/www.vacancesitalie.net\/voyages\/?s={search_term_string}\"},\"query-input\":{\"@type\":\"PropertyValueSpecification\",\"valueRequired\":true,\"valueName\":\"search_term_string\"}}],\"inLanguage\":\"en-US\"},{\"@type\":\"Person\",\"@id\":\"https:\/\/www.vacancesitalie.net\/voyages\/#\/schema\/person\/d9c0cba9e2ddf7916a42f0582a4eb6d3\",\"name\":\"Sabina\",\"image\":{\"@type\":\"ImageObject\",\"inLanguage\":\"en-US\",\"@id\":\"https:\/\/www.vacancesitalie.net\/voyages\/#\/schema\/person\/image\/\",\"url\":\"https:\/\/secure.gravatar.com\/avatar\/da4dd590f7e9848c9618b8d34f6b1940d31b1b4b925c9b305d9f76b85a9ee354?s=96&d=mm&r=g\",\"contentUrl\":\"https:\/\/secure.gravatar.com\/avatar\/da4dd590f7e9848c9618b8d34f6b1940d31b1b4b925c9b305d9f76b85a9ee354?s=96&d=mm&r=g\",\"caption\":\"Sabina\"},\"sameAs\":[\"http:\/\/\"]}]}<\/script>\n<!-- \/ Yoast SEO plugin. -->","yoast_head_json":{"title":"Creadonna 2009 \u00e0 l'Aquila - Voyages et Vacances en Italie","robots":{"index":"index","follow":"follow","max-snippet":"max-snippet:-1","max-image-preview":"max-image-preview:large","max-video-preview":"max-video-preview:-1"},"canonical":"https:\/\/www.vacancesitalie.net\/voyages\/136\/creadonna-2009-a-laquila\/","og_locale":"en_US","og_type":"article","og_title":"Creadonna 2009 \u00e0 l'Aquila - Voyages et Vacances en Italie","og_description":"Du 8 au 20 mars 2009 aura lieu \u00e0 l&#8217;Aquila une manifestation qui est arriv\u00e9e d\u00e9j\u00e0 \u00e0 la 5\u00e8me \u00e9dition. Cette ann\u00e9e la manifestation aura lieu du 8 au 20 mars dans la zone r\u00e9serv\u00e9e du Palais Santoro Colella\u00a0 dans la rue IV novembre. Cette manifestation pr\u00e9voit l&#8217;exposition de peinture, sculpture provenant de toute la Val Peligna et aussi de l&#8217;Aquila et Pescara.","og_url":"https:\/\/www.vacancesitalie.net\/voyages\/136\/creadonna-2009-a-laquila\/","og_site_name":"Voyages et Vacances en Italie","article_published_time":"2009-03-03T13:36:59+00:00","article_modified_time":"2009-03-03T13:37:52+00:00","og_image":[{"url":"http:\/\/farm1.static.flickr.com\/166\/418871329_ef7a847e97_m.jpg","type":"","width":"","height":""}],"author":"Sabina","twitter_card":"summary_large_image","twitter_misc":{"Written by":"Sabina"},"schema":{"@context":"https:\/\/schema.org","@graph":[{"@type":"WebPage","@id":"https:\/\/www.vacancesitalie.net\/voyages\/136\/creadonna-2009-a-laquila\/","url":"https:\/\/www.vacancesitalie.net\/voyages\/136\/creadonna-2009-a-laquila\/","name":"Creadonna 2009 \u00e0 l'Aquila - Voyages et Vacances en Italie","isPartOf":{"@id":"https:\/\/www.vacancesitalie.net\/voyages\/#website"},"primaryImageOfPage":{"@id":"https:\/\/www.vacancesitalie.net\/voyages\/136\/creadonna-2009-a-laquila\/#primaryimage"},"image":{"@id":"https:\/\/www.vacancesitalie.net\/voyages\/136\/creadonna-2009-a-laquila\/#primaryimage"},"thumbnailUrl":"http:\/\/farm1.static.flickr.com\/166\/418871329_ef7a847e97_m.jpg","datePublished":"2009-03-03T13:36:59+00:00","dateModified":"2009-03-03T13:37:52+00:00","author":{"@id":"https:\/\/www.vacancesitalie.net\/voyages\/#\/schema\/person\/d9c0cba9e2ddf7916a42f0582a4eb6d3"},"breadcrumb":{"@id":"https:\/\/www.vacancesitalie.net\/voyages\/136\/creadonna-2009-a-laquila\/#breadcrumb"},"inLanguage":"en-US","potentialAction":[{"@type":"ReadAction","target":["https:\/\/www.vacancesitalie.net\/voyages\/136\/creadonna-2009-a-laquila\/"]}]},{"@type":"ImageObject","inLanguage":"en-US","@id":"https:\/\/www.vacancesitalie.net\/voyages\/136\/creadonna-2009-a-laquila\/#primaryimage","url":"http:\/\/farm1.static.flickr.com\/166\/418871329_ef7a847e97_m.jpg","contentUrl":"http:\/\/farm1.static.flickr.com\/166\/418871329_ef7a847e97_m.jpg"},{"@type":"BreadcrumbList","@id":"https:\/\/www.vacancesitalie.net\/voyages\/136\/creadonna-2009-a-laquila\/#breadcrumb","itemListElement":[{"@type":"ListItem","position":1,"name":"Home","item":"https:\/\/www.vacancesitalie.net\/voyages\/"},{"@type":"ListItem","position":2,"name":"Creadonna 2009 \u00e0 l&#8217;Aquila"}]},{"@type":"WebSite","@id":"https:\/\/www.vacancesitalie.net\/voyages\/#website","url":"https:\/\/www.vacancesitalie.net\/voyages\/","name":"Voyages et Vacances en Italie","description":"Astuces, renseignements et information sur l\\&#039;Italie. Divis\u00e9 par cat\u00e9gorie et par r\u00e9gion. Ev\u00e9nements, festivals et foires pour organiser les vacances en Italie.","potentialAction":[{"@type":"SearchAction","target":{"@type":"EntryPoint","urlTemplate":"https:\/\/www.vacancesitalie.net\/voyages\/?s={search_term_string}"},"query-input":{"@type":"PropertyValueSpecification","valueRequired":true,"valueName":"search_term_string"}}],"inLanguage":"en-US"},{"@type":"Person","@id":"https:\/\/www.vacancesitalie.net\/voyages\/#\/schema\/person\/d9c0cba9e2ddf7916a42f0582a4eb6d3","name":"Sabina","image":{"@type":"ImageObject","inLanguage":"en-US","@id":"https:\/\/www.vacancesitalie.net\/voyages\/#\/schema\/person\/image\/","url":"https:\/\/secure.gravatar.com\/avatar\/da4dd590f7e9848c9618b8d34f6b1940d31b1b4b925c9b305d9f76b85a9ee354?s=96&d=mm&r=g","contentUrl":"https:\/\/secure.gravatar.com\/avatar\/da4dd590f7e9848c9618b8d34f6b1940d31b1b4b925c9b305d9f76b85a9ee354?s=96&d=mm&r=g","caption":"Sabina"},"sameAs":["http:\/\/"]}]}},"_links":{"self":[{"href":"https:\/\/www.vacancesitalie.net\/voyages\/wp-json\/wp\/v2\/posts\/136","targetHints":{"allow":["GET"]}}],"collection":[{"href":"https:\/\/www.vacancesitalie.net\/voyages\/wp-json\/wp\/v2\/posts"}],"about":[{"href":"https:\/\/www.vacancesitalie.net\/voyages\/wp-json\/wp\/v2\/types\/post"}],"author":[{"embeddable":true,"href":"https:\/\/www.vacancesitalie.net\/voyages\/wp-json\/wp\/v2\/users\/2"}],"replies":[{"embeddable":true,"href":"https:\/\/www.vacancesitalie.net\/voyages\/wp-json\/wp\/v2\/comments?post=136"}],"version-history":[{"count":0,"href":"https:\/\/www.vacancesitalie.net\/voyages\/wp-json\/wp\/v2\/posts\/136\/revisions"}],"wp:attachment":[{"href":"https:\/\/www.vacancesitalie.net\/voyages\/wp-json\/wp\/v2\/media?parent=136"}],"wp:term":[{"taxonomy":"category","embeddable":true,"href":"https:\/\/www.vacancesitalie.net\/voyages\/wp-json\/wp\/v2\/categories?post=136"},{"taxonomy":"post_tag","embeddable":true,"href":"https:\/\/www.vacancesitalie.net\/voyages\/wp-json\/wp\/v2\/tags?post=136"}],"curies":[{"name":"wp","href":"https:\/\/api.w.org\/{rel}","templated":true}]}}