{"id":170,"date":"2009-03-31T08:01:48","date_gmt":"2009-03-31T07:01:48","guid":{"rendered":"http:\/\/www.vacancesitalie.net\/voyages\/?p=170"},"modified":"2009-03-31T08:11:33","modified_gmt":"2009-03-31T07:11:33","slug":"les-sassi-de-matere-en-basilicate","status":"publish","type":"post","link":"https:\/\/www.vacancesitalie.net\/voyages\/170\/les-sassi-de-matere-en-basilicate\/","title":{"rendered":"Les Sassi de Mat\u00e8re en Basilicate"},"content":{"rendered":"<p><img loading=\"lazy\" decoding=\"async\" class=\"aligncenter\" title=\"sassi\" src=\"http:\/\/www.fotografieitalia.it\/foto\/322\/Matera_322-05-07-31-7268.jpg\" alt=\"\" width=\"550\" height=\"412\" \/><br \/>\nLa <span class=\"misspell\">Basilicate<\/span> est une r\u00e9gion du sud de\u00a0 <span class=\"misspell\">l&#8217;Italie<\/span> fameuse pour son parc national et sa ville\u00a0 <strong><span class=\"misspell\">Mat\u00e8re<\/span><\/strong>.<br \/>\n<span class=\"misspell\">Mat\u00e8re<\/span> est situ\u00e9e \u00e0 200 m\u00e8tres d&#8217;altitude et compte 44513 habitants. C&#8217;est une ville connue pour avoir fait de sc\u00e9nographie \u00e0 de nombreux films dont <em>la Passion du Christ de <span class=\"misspell\">Mel<\/span> <span class=\"misspell\">Gibson<\/span><\/em>, caract\u00e9ris\u00e9e par ses &#8220;<strong><span class=\"misspell\">Sassi<\/span><\/strong>&#8221; de nature calcaire o\u00f9 on \u00e9t\u00e9 creus\u00e9e des habitations. <!--more--><\/p>\n<p>Le \u00ab <span class=\"misspell\">Sasso<\/span> \u00bb a \u00e9t\u00e9 occup\u00e9 depuis le n\u00e9olithique, et c&#8217;est seulement en 1953 que le dernier habitant l&#8217;a quitt\u00e9.<br \/>\nEn 1993 les <span class=\"misspell\">Sassi<\/span> on \u00e9t\u00e9 reconnus Patrimoine de <span class=\"misspell\">l&#8217;Humanit\u00e9<\/span> par <span class=\"misspell\">l&#8217;UNESCO<\/span>.<br \/>\nC&#8217;est un site impressionnant\u00a0 et des plus anciens. <strong><span class=\"misspell\">Levi<\/span><\/strong> en a parl\u00e9 dans son fameux livre\u00a0 &#8220;<em>Le Christ s&#8217;est arr\u00eat\u00e9 \u00e0 <span class=\"misspell\">Eboli<\/span><\/em>&#8220;.<br \/>\nLes <span class=\"misspell\">Sassi<\/span> sont construits dans un profond ravin qui se nomme la <span class=\"misspell\">Gravina<\/span>.<br \/>\nL&#8217;on peut distinguer Le <span class=\"misspell\">Sasso<\/span> <span class=\"misspell\">Caveoso<\/span> qui serait la zone la plus sauvage du site et le <span class=\"misspell\">Sasso<\/span> <span class=\"misspell\">Barisano<\/span>.<br \/>\nLe noyau le plus ancien de la ville est repr\u00e9sent\u00e9 par la <span class=\"misspell\">Civita<\/span>, domin\u00e9e par la cath\u00e9drale.<br \/>\nL&#8217;id\u00e9al lorsque l&#8217;on d\u00e9cide de s\u00e9journer \u00e0 Matera est de se perdre dans ses petites ruelles et voir les d\u00e9tails, de savourer l&#8217;atmosph\u00e8re des lieux.<br \/>\nLa <span class=\"misspell\">Basilicate<\/span> est une r\u00e9gion tr\u00e8s riche d&#8217;un oint de vue <span class=\"misspell\">enogastronmique<\/span>. C&#8217;est une r\u00e9gion qui garde encore ses anciennes traditions culinaires avec des produits frais et riches.<\/p>\n","protected":false},"excerpt":{"rendered":"<p>La Basilicate est une r\u00e9gion du sud de\u00a0 l&#8217;Italie fameuse pour son parc national et sa ville\u00a0 Mat\u00e8re. Mat\u00e8re est situ\u00e9e \u00e0 200 m\u00e8tres d&#8217;altitude et compte 44513 habitants. C&#8217;est une ville connue pour avoir fait de sc\u00e9nographie \u00e0 de nombreux films dont la Passion du Christ de Mel Gibson, caract\u00e9ris\u00e9e par ses &#8220;Sassi&#8221; de nature calcaire o\u00f9 on \u00e9t\u00e9 creus\u00e9e des habitations.<\/p>\n","protected":false},"author":2,"featured_media":0,"comment_status":"open","ping_status":"open","sticky":false,"template":"","format":"standard","meta":{"footnotes":""},"categories":[61],"tags":[],"class_list":["post-170","post","type-post","status-publish","format-standard","hentry","category-basilicate"],"yoast_head":"<!-- This site is optimized with the Yoast SEO plugin v25.5 - https:\/\/yoast.com\/wordpress\/plugins\/seo\/ -->\n<title>Les Sassi de Mat\u00e8re en Basilicate - Voyages et Vacances en Italie<\/title>\n<meta name=\"robots\" content=\"index, follow, max-snippet:-1, max-image-preview:large, max-video-preview:-1\" \/>\n<link rel=\"canonical\" href=\"https:\/\/www.vacancesitalie.net\/voyages\/170\/les-sassi-de-matere-en-basilicate\/\" \/>\n<meta property=\"og:locale\" content=\"en_US\" \/>\n<meta property=\"og:type\" content=\"article\" \/>\n<meta property=\"og:title\" content=\"Les Sassi de Mat\u00e8re en Basilicate - Voyages et Vacances en Italie\" \/>\n<meta property=\"og:description\" content=\"La Basilicate est une r\u00e9gion du sud de\u00a0 l&#8217;Italie fameuse pour son parc national et sa ville\u00a0 Mat\u00e8re. Mat\u00e8re est situ\u00e9e \u00e0 200 m\u00e8tres d&#8217;altitude et compte 44513 habitants. C&#8217;est une ville connue pour avoir fait de sc\u00e9nographie \u00e0 de nombreux films dont la Passion du Christ de Mel Gibson, caract\u00e9ris\u00e9e par ses &#8220;Sassi&#8221; de nature calcaire o\u00f9 on \u00e9t\u00e9 creus\u00e9e des habitations.\" \/>\n<meta property=\"og:url\" content=\"https:\/\/www.vacancesitalie.net\/voyages\/170\/les-sassi-de-matere-en-basilicate\/\" \/>\n<meta property=\"og:site_name\" content=\"Voyages et Vacances en Italie\" \/>\n<meta property=\"article:published_time\" content=\"2009-03-31T07:01:48+00:00\" \/>\n<meta property=\"article:modified_time\" content=\"2009-03-31T07:11:33+00:00\" \/>\n<meta property=\"og:image\" content=\"http:\/\/www.fotografieitalia.it\/foto\/322\/Matera_322-05-07-31-7268.jpg\" \/>\n<meta name=\"author\" content=\"Sabina\" \/>\n<meta name=\"twitter:card\" content=\"summary_large_image\" \/>\n<meta name=\"twitter:label1\" content=\"Written by\" \/>\n\t<meta name=\"twitter:data1\" content=\"Sabina\" \/>\n\t<meta name=\"twitter:label2\" content=\"Est. reading time\" \/>\n\t<meta name=\"twitter:data2\" content=\"1 minute\" \/>\n<script type=\"application\/ld+json\" class=\"yoast-schema-graph\">{\"@context\":\"https:\/\/schema.org\",\"@graph\":[{\"@type\":\"WebPage\",\"@id\":\"https:\/\/www.vacancesitalie.net\/voyages\/170\/les-sassi-de-matere-en-basilicate\/\",\"url\":\"https:\/\/www.vacancesitalie.net\/voyages\/170\/les-sassi-de-matere-en-basilicate\/\",\"name\":\"Les Sassi de Mat\u00e8re en Basilicate - Voyages et Vacances en Italie\",\"isPartOf\":{\"@id\":\"https:\/\/www.vacancesitalie.net\/voyages\/#website\"},\"primaryImageOfPage\":{\"@id\":\"https:\/\/www.vacancesitalie.net\/voyages\/170\/les-sassi-de-matere-en-basilicate\/#primaryimage\"},\"image\":{\"@id\":\"https:\/\/www.vacancesitalie.net\/voyages\/170\/les-sassi-de-matere-en-basilicate\/#primaryimage\"},\"thumbnailUrl\":\"http:\/\/www.fotografieitalia.it\/foto\/322\/Matera_322-05-07-31-7268.jpg\",\"datePublished\":\"2009-03-31T07:01:48+00:00\",\"dateModified\":\"2009-03-31T07:11:33+00:00\",\"author\":{\"@id\":\"https:\/\/www.vacancesitalie.net\/voyages\/#\/schema\/person\/d9c0cba9e2ddf7916a42f0582a4eb6d3\"},\"breadcrumb\":{\"@id\":\"https:\/\/www.vacancesitalie.net\/voyages\/170\/les-sassi-de-matere-en-basilicate\/#breadcrumb\"},\"inLanguage\":\"en-US\",\"potentialAction\":[{\"@type\":\"ReadAction\",\"target\":[\"https:\/\/www.vacancesitalie.net\/voyages\/170\/les-sassi-de-matere-en-basilicate\/\"]}]},{\"@type\":\"ImageObject\",\"inLanguage\":\"en-US\",\"@id\":\"https:\/\/www.vacancesitalie.net\/voyages\/170\/les-sassi-de-matere-en-basilicate\/#primaryimage\",\"url\":\"http:\/\/www.fotografieitalia.it\/foto\/322\/Matera_322-05-07-31-7268.jpg\",\"contentUrl\":\"http:\/\/www.fotografieitalia.it\/foto\/322\/Matera_322-05-07-31-7268.jpg\"},{\"@type\":\"BreadcrumbList\",\"@id\":\"https:\/\/www.vacancesitalie.net\/voyages\/170\/les-sassi-de-matere-en-basilicate\/#breadcrumb\",\"itemListElement\":[{\"@type\":\"ListItem\",\"position\":1,\"name\":\"Home\",\"item\":\"https:\/\/www.vacancesitalie.net\/voyages\/\"},{\"@type\":\"ListItem\",\"position\":2,\"name\":\"Les Sassi de Mat\u00e8re en Basilicate\"}]},{\"@type\":\"WebSite\",\"@id\":\"https:\/\/www.vacancesitalie.net\/voyages\/#website\",\"url\":\"https:\/\/www.vacancesitalie.net\/voyages\/\",\"name\":\"Voyages et Vacances en Italie\",\"description\":\"Astuces, renseignements et information sur l\\\\&#039;Italie. Divis\u00e9 par cat\u00e9gorie et par r\u00e9gion. Ev\u00e9nements, festivals et foires pour organiser les vacances en Italie.\",\"potentialAction\":[{\"@type\":\"SearchAction\",\"target\":{\"@type\":\"EntryPoint\",\"urlTemplate\":\"https:\/\/www.vacancesitalie.net\/voyages\/?s={search_term_string}\"},\"query-input\":{\"@type\":\"PropertyValueSpecification\",\"valueRequired\":true,\"valueName\":\"search_term_string\"}}],\"inLanguage\":\"en-US\"},{\"@type\":\"Person\",\"@id\":\"https:\/\/www.vacancesitalie.net\/voyages\/#\/schema\/person\/d9c0cba9e2ddf7916a42f0582a4eb6d3\",\"name\":\"Sabina\",\"image\":{\"@type\":\"ImageObject\",\"inLanguage\":\"en-US\",\"@id\":\"https:\/\/www.vacancesitalie.net\/voyages\/#\/schema\/person\/image\/\",\"url\":\"https:\/\/secure.gravatar.com\/avatar\/da4dd590f7e9848c9618b8d34f6b1940d31b1b4b925c9b305d9f76b85a9ee354?s=96&d=mm&r=g\",\"contentUrl\":\"https:\/\/secure.gravatar.com\/avatar\/da4dd590f7e9848c9618b8d34f6b1940d31b1b4b925c9b305d9f76b85a9ee354?s=96&d=mm&r=g\",\"caption\":\"Sabina\"},\"sameAs\":[\"http:\/\/\"]}]}<\/script>\n<!-- \/ Yoast SEO plugin. -->","yoast_head_json":{"title":"Les Sassi de Mat\u00e8re en Basilicate - Voyages et Vacances en Italie","robots":{"index":"index","follow":"follow","max-snippet":"max-snippet:-1","max-image-preview":"max-image-preview:large","max-video-preview":"max-video-preview:-1"},"canonical":"https:\/\/www.vacancesitalie.net\/voyages\/170\/les-sassi-de-matere-en-basilicate\/","og_locale":"en_US","og_type":"article","og_title":"Les Sassi de Mat\u00e8re en Basilicate - Voyages et Vacances en Italie","og_description":"La Basilicate est une r\u00e9gion du sud de\u00a0 l&#8217;Italie fameuse pour son parc national et sa ville\u00a0 Mat\u00e8re. Mat\u00e8re est situ\u00e9e \u00e0 200 m\u00e8tres d&#8217;altitude et compte 44513 habitants. C&#8217;est une ville connue pour avoir fait de sc\u00e9nographie \u00e0 de nombreux films dont la Passion du Christ de Mel Gibson, caract\u00e9ris\u00e9e par ses &#8220;Sassi&#8221; de nature calcaire o\u00f9 on \u00e9t\u00e9 creus\u00e9e des habitations.","og_url":"https:\/\/www.vacancesitalie.net\/voyages\/170\/les-sassi-de-matere-en-basilicate\/","og_site_name":"Voyages et Vacances en Italie","article_published_time":"2009-03-31T07:01:48+00:00","article_modified_time":"2009-03-31T07:11:33+00:00","og_image":[{"url":"http:\/\/www.fotografieitalia.it\/foto\/322\/Matera_322-05-07-31-7268.jpg","type":"","width":"","height":""}],"author":"Sabina","twitter_card":"summary_large_image","twitter_misc":{"Written by":"Sabina","Est. reading time":"1 minute"},"schema":{"@context":"https:\/\/schema.org","@graph":[{"@type":"WebPage","@id":"https:\/\/www.vacancesitalie.net\/voyages\/170\/les-sassi-de-matere-en-basilicate\/","url":"https:\/\/www.vacancesitalie.net\/voyages\/170\/les-sassi-de-matere-en-basilicate\/","name":"Les Sassi de Mat\u00e8re en Basilicate - Voyages et Vacances en Italie","isPartOf":{"@id":"https:\/\/www.vacancesitalie.net\/voyages\/#website"},"primaryImageOfPage":{"@id":"https:\/\/www.vacancesitalie.net\/voyages\/170\/les-sassi-de-matere-en-basilicate\/#primaryimage"},"image":{"@id":"https:\/\/www.vacancesitalie.net\/voyages\/170\/les-sassi-de-matere-en-basilicate\/#primaryimage"},"thumbnailUrl":"http:\/\/www.fotografieitalia.it\/foto\/322\/Matera_322-05-07-31-7268.jpg","datePublished":"2009-03-31T07:01:48+00:00","dateModified":"2009-03-31T07:11:33+00:00","author":{"@id":"https:\/\/www.vacancesitalie.net\/voyages\/#\/schema\/person\/d9c0cba9e2ddf7916a42f0582a4eb6d3"},"breadcrumb":{"@id":"https:\/\/www.vacancesitalie.net\/voyages\/170\/les-sassi-de-matere-en-basilicate\/#breadcrumb"},"inLanguage":"en-US","potentialAction":[{"@type":"ReadAction","target":["https:\/\/www.vacancesitalie.net\/voyages\/170\/les-sassi-de-matere-en-basilicate\/"]}]},{"@type":"ImageObject","inLanguage":"en-US","@id":"https:\/\/www.vacancesitalie.net\/voyages\/170\/les-sassi-de-matere-en-basilicate\/#primaryimage","url":"http:\/\/www.fotografieitalia.it\/foto\/322\/Matera_322-05-07-31-7268.jpg","contentUrl":"http:\/\/www.fotografieitalia.it\/foto\/322\/Matera_322-05-07-31-7268.jpg"},{"@type":"BreadcrumbList","@id":"https:\/\/www.vacancesitalie.net\/voyages\/170\/les-sassi-de-matere-en-basilicate\/#breadcrumb","itemListElement":[{"@type":"ListItem","position":1,"name":"Home","item":"https:\/\/www.vacancesitalie.net\/voyages\/"},{"@type":"ListItem","position":2,"name":"Les Sassi de Mat\u00e8re en Basilicate"}]},{"@type":"WebSite","@id":"https:\/\/www.vacancesitalie.net\/voyages\/#website","url":"https:\/\/www.vacancesitalie.net\/voyages\/","name":"Voyages et Vacances en Italie","description":"Astuces, renseignements et information sur l\\&#039;Italie. Divis\u00e9 par cat\u00e9gorie et par r\u00e9gion. Ev\u00e9nements, festivals et foires pour organiser les vacances en Italie.","potentialAction":[{"@type":"SearchAction","target":{"@type":"EntryPoint","urlTemplate":"https:\/\/www.vacancesitalie.net\/voyages\/?s={search_term_string}"},"query-input":{"@type":"PropertyValueSpecification","valueRequired":true,"valueName":"search_term_string"}}],"inLanguage":"en-US"},{"@type":"Person","@id":"https:\/\/www.vacancesitalie.net\/voyages\/#\/schema\/person\/d9c0cba9e2ddf7916a42f0582a4eb6d3","name":"Sabina","image":{"@type":"ImageObject","inLanguage":"en-US","@id":"https:\/\/www.vacancesitalie.net\/voyages\/#\/schema\/person\/image\/","url":"https:\/\/secure.gravatar.com\/avatar\/da4dd590f7e9848c9618b8d34f6b1940d31b1b4b925c9b305d9f76b85a9ee354?s=96&d=mm&r=g","contentUrl":"https:\/\/secure.gravatar.com\/avatar\/da4dd590f7e9848c9618b8d34f6b1940d31b1b4b925c9b305d9f76b85a9ee354?s=96&d=mm&r=g","caption":"Sabina"},"sameAs":["http:\/\/"]}]}},"_links":{"self":[{"href":"https:\/\/www.vacancesitalie.net\/voyages\/wp-json\/wp\/v2\/posts\/170","targetHints":{"allow":["GET"]}}],"collection":[{"href":"https:\/\/www.vacancesitalie.net\/voyages\/wp-json\/wp\/v2\/posts"}],"about":[{"href":"https:\/\/www.vacancesitalie.net\/voyages\/wp-json\/wp\/v2\/types\/post"}],"author":[{"embeddable":true,"href":"https:\/\/www.vacancesitalie.net\/voyages\/wp-json\/wp\/v2\/users\/2"}],"replies":[{"embeddable":true,"href":"https:\/\/www.vacancesitalie.net\/voyages\/wp-json\/wp\/v2\/comments?post=170"}],"version-history":[{"count":0,"href":"https:\/\/www.vacancesitalie.net\/voyages\/wp-json\/wp\/v2\/posts\/170\/revisions"}],"wp:attachment":[{"href":"https:\/\/www.vacancesitalie.net\/voyages\/wp-json\/wp\/v2\/media?parent=170"}],"wp:term":[{"taxonomy":"category","embeddable":true,"href":"https:\/\/www.vacancesitalie.net\/voyages\/wp-json\/wp\/v2\/categories?post=170"},{"taxonomy":"post_tag","embeddable":true,"href":"https:\/\/www.vacancesitalie.net\/voyages\/wp-json\/wp\/v2\/tags?post=170"}],"curies":[{"name":"wp","href":"https:\/\/api.w.org\/{rel}","templated":true}]}}