{"id":190,"date":"2009-04-21T08:35:25","date_gmt":"2009-04-21T07:35:25","guid":{"rendered":"http:\/\/www.vacancesitalie.net\/voyages\/?p=190"},"modified":"2009-05-07T13:44:03","modified_gmt":"2009-05-07T12:44:03","slug":"concert-du-premier-mai-a-rome","status":"publish","type":"post","link":"https:\/\/www.vacancesitalie.net\/voyages\/190\/concert-du-premier-mai-a-rome\/","title":{"rendered":"Concert du Premier Mai \u00e0 Rome"},"content":{"rendered":"<p><a href=\"http:\/\/www.vacancesitalie.net\/voyages\/wp-content\/uploads\/1maggio2006_1.jpg\"><img loading=\"lazy\" decoding=\"async\" class=\"aligncenter size-medium wp-image-191\" title=\"1maggio2006_1\" src=\"http:\/\/www.vacancesitalie.net\/voyages\/wp-content\/uploads\/1maggio2006_1-300x225.jpg\" alt=\"1maggio2006_1\" width=\"300\" height=\"225\" srcset=\"https:\/\/www.vacancesitalie.net\/voyages\/wp-content\/uploads\/1maggio2006_1-300x225.jpg 300w, https:\/\/www.vacancesitalie.net\/voyages\/wp-content\/uploads\/1maggio2006_1.jpg 640w\" sizes=\"auto, (max-width: 300px) 100vw, 300px\" \/><\/a><\/p>\n<p>Tous les ans, le premier Mai \u00e0 <span class=\"misspell\">Rome<\/span>, une des fameuses places devient un centre de divertissement. Cette ann\u00e9e une des plus grande star du rock italien sera l&#8217;invit\u00e9 sp\u00e9cial de ce concert; <strong><span class=\"misspell\">Vasco<\/span> <span class=\"misspell\">Rossi<\/span><\/strong>.<br \/>\nLe concert sera pr\u00e9sent\u00e9 par <span class=\"misspell\">Sergio<\/span> <span class=\"misspell\">Castellitto<\/span>.<!--more--><br \/>\nPendant cet \u00e9v\u00e9nement il sera aussi possible \u00e9couter de grand artistes du panorama musical italien tel que <span class=\"misspell\">Edoardo<\/span> <span class=\"misspell\">Bennato<\/span>, <span class=\"misspell\">Caparezza<\/span>, <span class=\"misspell\">Nomadi<\/span>, <span class=\"misspell\">Bandabard\u00f2<\/span>, Motel <span class=\"misspell\">Connection<\/span>, <span class=\"misspell\">Asian<\/span> <span class=\"misspell\">Dub<\/span> <span class=\"misspell\">Foundation<\/span> mais encore Manuel <span class=\"misspell\">Agnelli<\/span> des <span class=\"misspell\">Afterhours<\/span>, <span class=\"misspell\">Cristiano<\/span> <span class=\"misspell\">Godano<\/span> et <span class=\"misspell\">Gianni<\/span> <span class=\"misspell\">Maroccolo<\/span> des <span class=\"misspell\">Marlene<\/span> <span class=\"misspell\">Kuntz<\/span>.<br \/>\nCette ann\u00e9e, le th\u00e8me artistique sera &#8221; Le monde que j&#8217;aimerai&#8221; traduit&#8221; il <span class=\"misspell\">mondo<\/span> <span class=\"misspell\">che<\/span> <span class=\"misspell\">vorrei<\/span>&#8220;.<br \/>\nIl est possible voir en direct le concert sur rai <span class=\"misspell\">tre<\/span> de 15.14 \u00e0 24 heures.<\/p>\n<p>Ne perdez pas l&#8217;occasion de <a title=\"dormir \u00e0 Rome\" href=\"http:\/\/www.vacancesitalie.net\/vacances-dans-le-latium\/zone-rome\/\" target=\"_blank\">s\u00e9journer \u00e0 Rome<\/a> pendant le pont du premier Mai, c&#8217;est l&#8217;occasion id\u00e9al pour d\u00e9couvrir la ville \u00e9ternelle et participer \u00e0 ce grand \u00e9v\u00e9nement qui se r\u00e9p\u00e8te depuis de nombreuses ann\u00e9es tous les ans, le premier mai.<\/p>\n","protected":false},"excerpt":{"rendered":"<p>Tous les ans, le premier Mai \u00e0 Rome, une des fameuses places devient un centre de divertissement. Cette ann\u00e9e une des plus grande star du rock italien sera l&#8217;invit\u00e9 sp\u00e9cial de ce concert; Vasco Rossi. Le concert sera pr\u00e9sent\u00e9 par Sergio Castellitto.<\/p>\n","protected":false},"author":2,"featured_media":0,"comment_status":"open","ping_status":"open","sticky":false,"template":"","format":"standard","meta":{"footnotes":""},"categories":[3,19],"tags":[83,81,82],"class_list":["post-190","post","type-post","status-publish","format-standard","hentry","category-evenements-en-italie","category-latium","tag-evenement-a-rome","tag-concert-1-mai","tag-rome-concert"],"yoast_head":"<!-- This site is optimized with the Yoast SEO plugin v25.5 - https:\/\/yoast.com\/wordpress\/plugins\/seo\/ -->\n<title>Concert du Premier Mai \u00e0 Rome - Voyages et Vacances en Italie<\/title>\n<meta name=\"robots\" content=\"index, follow, max-snippet:-1, max-image-preview:large, max-video-preview:-1\" \/>\n<link rel=\"canonical\" href=\"https:\/\/www.vacancesitalie.net\/voyages\/190\/concert-du-premier-mai-a-rome\/\" \/>\n<meta property=\"og:locale\" content=\"en_US\" \/>\n<meta property=\"og:type\" content=\"article\" \/>\n<meta property=\"og:title\" content=\"Concert du Premier Mai \u00e0 Rome - Voyages et Vacances en Italie\" \/>\n<meta property=\"og:description\" content=\"Tous les ans, le premier Mai \u00e0 Rome, une des fameuses places devient un centre de divertissement. Cette ann\u00e9e une des plus grande star du rock italien sera l&#8217;invit\u00e9 sp\u00e9cial de ce concert; Vasco Rossi. Le concert sera pr\u00e9sent\u00e9 par Sergio Castellitto.\" \/>\n<meta property=\"og:url\" content=\"https:\/\/www.vacancesitalie.net\/voyages\/190\/concert-du-premier-mai-a-rome\/\" \/>\n<meta property=\"og:site_name\" content=\"Voyages et Vacances en Italie\" \/>\n<meta property=\"article:published_time\" content=\"2009-04-21T07:35:25+00:00\" \/>\n<meta property=\"article:modified_time\" content=\"2009-05-07T12:44:03+00:00\" \/>\n<meta property=\"og:image\" content=\"http:\/\/www.vacancesitalie.net\/voyages\/wp-content\/uploads\/1maggio2006_1-300x225.jpg\" \/>\n<meta name=\"author\" content=\"Sabina\" \/>\n<meta name=\"twitter:card\" content=\"summary_large_image\" \/>\n<meta name=\"twitter:label1\" content=\"Written by\" \/>\n\t<meta name=\"twitter:data1\" content=\"Sabina\" \/>\n\t<meta name=\"twitter:label2\" content=\"Est. reading time\" \/>\n\t<meta name=\"twitter:data2\" content=\"1 minute\" \/>\n<script type=\"application\/ld+json\" class=\"yoast-schema-graph\">{\"@context\":\"https:\/\/schema.org\",\"@graph\":[{\"@type\":\"WebPage\",\"@id\":\"https:\/\/www.vacancesitalie.net\/voyages\/190\/concert-du-premier-mai-a-rome\/\",\"url\":\"https:\/\/www.vacancesitalie.net\/voyages\/190\/concert-du-premier-mai-a-rome\/\",\"name\":\"Concert du Premier Mai \u00e0 Rome - Voyages et Vacances en Italie\",\"isPartOf\":{\"@id\":\"https:\/\/www.vacancesitalie.net\/voyages\/#website\"},\"primaryImageOfPage\":{\"@id\":\"https:\/\/www.vacancesitalie.net\/voyages\/190\/concert-du-premier-mai-a-rome\/#primaryimage\"},\"image\":{\"@id\":\"https:\/\/www.vacancesitalie.net\/voyages\/190\/concert-du-premier-mai-a-rome\/#primaryimage\"},\"thumbnailUrl\":\"http:\/\/www.vacancesitalie.net\/voyages\/wp-content\/uploads\/1maggio2006_1-300x225.jpg\",\"datePublished\":\"2009-04-21T07:35:25+00:00\",\"dateModified\":\"2009-05-07T12:44:03+00:00\",\"author\":{\"@id\":\"https:\/\/www.vacancesitalie.net\/voyages\/#\/schema\/person\/d9c0cba9e2ddf7916a42f0582a4eb6d3\"},\"breadcrumb\":{\"@id\":\"https:\/\/www.vacancesitalie.net\/voyages\/190\/concert-du-premier-mai-a-rome\/#breadcrumb\"},\"inLanguage\":\"en-US\",\"potentialAction\":[{\"@type\":\"ReadAction\",\"target\":[\"https:\/\/www.vacancesitalie.net\/voyages\/190\/concert-du-premier-mai-a-rome\/\"]}]},{\"@type\":\"ImageObject\",\"inLanguage\":\"en-US\",\"@id\":\"https:\/\/www.vacancesitalie.net\/voyages\/190\/concert-du-premier-mai-a-rome\/#primaryimage\",\"url\":\"https:\/\/www.vacancesitalie.net\/voyages\/wp-content\/uploads\/1maggio2006_1.jpg\",\"contentUrl\":\"https:\/\/www.vacancesitalie.net\/voyages\/wp-content\/uploads\/1maggio2006_1.jpg\",\"width\":\"640\",\"height\":\"480\"},{\"@type\":\"BreadcrumbList\",\"@id\":\"https:\/\/www.vacancesitalie.net\/voyages\/190\/concert-du-premier-mai-a-rome\/#breadcrumb\",\"itemListElement\":[{\"@type\":\"ListItem\",\"position\":1,\"name\":\"Home\",\"item\":\"https:\/\/www.vacancesitalie.net\/voyages\/\"},{\"@type\":\"ListItem\",\"position\":2,\"name\":\"Concert du Premier Mai \u00e0 Rome\"}]},{\"@type\":\"WebSite\",\"@id\":\"https:\/\/www.vacancesitalie.net\/voyages\/#website\",\"url\":\"https:\/\/www.vacancesitalie.net\/voyages\/\",\"name\":\"Voyages et Vacances en Italie\",\"description\":\"Astuces, renseignements et information sur l\\\\&#039;Italie. Divis\u00e9 par cat\u00e9gorie et par r\u00e9gion. Ev\u00e9nements, festivals et foires pour organiser les vacances en Italie.\",\"potentialAction\":[{\"@type\":\"SearchAction\",\"target\":{\"@type\":\"EntryPoint\",\"urlTemplate\":\"https:\/\/www.vacancesitalie.net\/voyages\/?s={search_term_string}\"},\"query-input\":{\"@type\":\"PropertyValueSpecification\",\"valueRequired\":true,\"valueName\":\"search_term_string\"}}],\"inLanguage\":\"en-US\"},{\"@type\":\"Person\",\"@id\":\"https:\/\/www.vacancesitalie.net\/voyages\/#\/schema\/person\/d9c0cba9e2ddf7916a42f0582a4eb6d3\",\"name\":\"Sabina\",\"image\":{\"@type\":\"ImageObject\",\"inLanguage\":\"en-US\",\"@id\":\"https:\/\/www.vacancesitalie.net\/voyages\/#\/schema\/person\/image\/\",\"url\":\"https:\/\/secure.gravatar.com\/avatar\/da4dd590f7e9848c9618b8d34f6b1940d31b1b4b925c9b305d9f76b85a9ee354?s=96&d=mm&r=g\",\"contentUrl\":\"https:\/\/secure.gravatar.com\/avatar\/da4dd590f7e9848c9618b8d34f6b1940d31b1b4b925c9b305d9f76b85a9ee354?s=96&d=mm&r=g\",\"caption\":\"Sabina\"},\"sameAs\":[\"http:\/\/\"]}]}<\/script>\n<!-- \/ Yoast SEO plugin. -->","yoast_head_json":{"title":"Concert du Premier Mai \u00e0 Rome - Voyages et Vacances en Italie","robots":{"index":"index","follow":"follow","max-snippet":"max-snippet:-1","max-image-preview":"max-image-preview:large","max-video-preview":"max-video-preview:-1"},"canonical":"https:\/\/www.vacancesitalie.net\/voyages\/190\/concert-du-premier-mai-a-rome\/","og_locale":"en_US","og_type":"article","og_title":"Concert du Premier Mai \u00e0 Rome - Voyages et Vacances en Italie","og_description":"Tous les ans, le premier Mai \u00e0 Rome, une des fameuses places devient un centre de divertissement. Cette ann\u00e9e une des plus grande star du rock italien sera l&#8217;invit\u00e9 sp\u00e9cial de ce concert; Vasco Rossi. Le concert sera pr\u00e9sent\u00e9 par Sergio Castellitto.","og_url":"https:\/\/www.vacancesitalie.net\/voyages\/190\/concert-du-premier-mai-a-rome\/","og_site_name":"Voyages et Vacances en Italie","article_published_time":"2009-04-21T07:35:25+00:00","article_modified_time":"2009-05-07T12:44:03+00:00","og_image":[{"url":"http:\/\/www.vacancesitalie.net\/voyages\/wp-content\/uploads\/1maggio2006_1-300x225.jpg","type":"","width":"","height":""}],"author":"Sabina","twitter_card":"summary_large_image","twitter_misc":{"Written by":"Sabina","Est. reading time":"1 minute"},"schema":{"@context":"https:\/\/schema.org","@graph":[{"@type":"WebPage","@id":"https:\/\/www.vacancesitalie.net\/voyages\/190\/concert-du-premier-mai-a-rome\/","url":"https:\/\/www.vacancesitalie.net\/voyages\/190\/concert-du-premier-mai-a-rome\/","name":"Concert du Premier Mai \u00e0 Rome - Voyages et Vacances en Italie","isPartOf":{"@id":"https:\/\/www.vacancesitalie.net\/voyages\/#website"},"primaryImageOfPage":{"@id":"https:\/\/www.vacancesitalie.net\/voyages\/190\/concert-du-premier-mai-a-rome\/#primaryimage"},"image":{"@id":"https:\/\/www.vacancesitalie.net\/voyages\/190\/concert-du-premier-mai-a-rome\/#primaryimage"},"thumbnailUrl":"http:\/\/www.vacancesitalie.net\/voyages\/wp-content\/uploads\/1maggio2006_1-300x225.jpg","datePublished":"2009-04-21T07:35:25+00:00","dateModified":"2009-05-07T12:44:03+00:00","author":{"@id":"https:\/\/www.vacancesitalie.net\/voyages\/#\/schema\/person\/d9c0cba9e2ddf7916a42f0582a4eb6d3"},"breadcrumb":{"@id":"https:\/\/www.vacancesitalie.net\/voyages\/190\/concert-du-premier-mai-a-rome\/#breadcrumb"},"inLanguage":"en-US","potentialAction":[{"@type":"ReadAction","target":["https:\/\/www.vacancesitalie.net\/voyages\/190\/concert-du-premier-mai-a-rome\/"]}]},{"@type":"ImageObject","inLanguage":"en-US","@id":"https:\/\/www.vacancesitalie.net\/voyages\/190\/concert-du-premier-mai-a-rome\/#primaryimage","url":"https:\/\/www.vacancesitalie.net\/voyages\/wp-content\/uploads\/1maggio2006_1.jpg","contentUrl":"https:\/\/www.vacancesitalie.net\/voyages\/wp-content\/uploads\/1maggio2006_1.jpg","width":"640","height":"480"},{"@type":"BreadcrumbList","@id":"https:\/\/www.vacancesitalie.net\/voyages\/190\/concert-du-premier-mai-a-rome\/#breadcrumb","itemListElement":[{"@type":"ListItem","position":1,"name":"Home","item":"https:\/\/www.vacancesitalie.net\/voyages\/"},{"@type":"ListItem","position":2,"name":"Concert du Premier Mai \u00e0 Rome"}]},{"@type":"WebSite","@id":"https:\/\/www.vacancesitalie.net\/voyages\/#website","url":"https:\/\/www.vacancesitalie.net\/voyages\/","name":"Voyages et Vacances en Italie","description":"Astuces, renseignements et information sur l\\&#039;Italie. Divis\u00e9 par cat\u00e9gorie et par r\u00e9gion. Ev\u00e9nements, festivals et foires pour organiser les vacances en Italie.","potentialAction":[{"@type":"SearchAction","target":{"@type":"EntryPoint","urlTemplate":"https:\/\/www.vacancesitalie.net\/voyages\/?s={search_term_string}"},"query-input":{"@type":"PropertyValueSpecification","valueRequired":true,"valueName":"search_term_string"}}],"inLanguage":"en-US"},{"@type":"Person","@id":"https:\/\/www.vacancesitalie.net\/voyages\/#\/schema\/person\/d9c0cba9e2ddf7916a42f0582a4eb6d3","name":"Sabina","image":{"@type":"ImageObject","inLanguage":"en-US","@id":"https:\/\/www.vacancesitalie.net\/voyages\/#\/schema\/person\/image\/","url":"https:\/\/secure.gravatar.com\/avatar\/da4dd590f7e9848c9618b8d34f6b1940d31b1b4b925c9b305d9f76b85a9ee354?s=96&d=mm&r=g","contentUrl":"https:\/\/secure.gravatar.com\/avatar\/da4dd590f7e9848c9618b8d34f6b1940d31b1b4b925c9b305d9f76b85a9ee354?s=96&d=mm&r=g","caption":"Sabina"},"sameAs":["http:\/\/"]}]}},"_links":{"self":[{"href":"https:\/\/www.vacancesitalie.net\/voyages\/wp-json\/wp\/v2\/posts\/190","targetHints":{"allow":["GET"]}}],"collection":[{"href":"https:\/\/www.vacancesitalie.net\/voyages\/wp-json\/wp\/v2\/posts"}],"about":[{"href":"https:\/\/www.vacancesitalie.net\/voyages\/wp-json\/wp\/v2\/types\/post"}],"author":[{"embeddable":true,"href":"https:\/\/www.vacancesitalie.net\/voyages\/wp-json\/wp\/v2\/users\/2"}],"replies":[{"embeddable":true,"href":"https:\/\/www.vacancesitalie.net\/voyages\/wp-json\/wp\/v2\/comments?post=190"}],"version-history":[{"count":0,"href":"https:\/\/www.vacancesitalie.net\/voyages\/wp-json\/wp\/v2\/posts\/190\/revisions"}],"wp:attachment":[{"href":"https:\/\/www.vacancesitalie.net\/voyages\/wp-json\/wp\/v2\/media?parent=190"}],"wp:term":[{"taxonomy":"category","embeddable":true,"href":"https:\/\/www.vacancesitalie.net\/voyages\/wp-json\/wp\/v2\/categories?post=190"},{"taxonomy":"post_tag","embeddable":true,"href":"https:\/\/www.vacancesitalie.net\/voyages\/wp-json\/wp\/v2\/tags?post=190"}],"curies":[{"name":"wp","href":"https:\/\/api.w.org\/{rel}","templated":true}]}}