{"id":200,"date":"2009-06-25T12:50:35","date_gmt":"2009-06-25T11:50:35","guid":{"rendered":"http:\/\/www.vacancesitalie.net\/voyages\/?p=200"},"modified":"2009-06-25T12:53:29","modified_gmt":"2009-06-25T11:53:29","slug":"la-notte-della-taranta-concerts-et-fetstivals-en-pouilles","status":"publish","type":"post","link":"https:\/\/www.vacancesitalie.net\/voyages\/200\/la-notte-della-taranta-concerts-et-fetstivals-en-pouilles\/","title":{"rendered":"La Notte della Taranta, concerts et fetstivals en Pouilles"},"content":{"rendered":"<p><a href=\"http:\/\/www.vacancesitalie.net\/voyages\/wp-content\/uploads\/este_01165052_12260.jpg\"><img loading=\"lazy\" decoding=\"async\" class=\"aligncenter size-full wp-image-202\" title=\"este_01165052_12260\" src=\"http:\/\/www.vacancesitalie.net\/voyages\/wp-content\/uploads\/este_01165052_12260.jpg\" alt=\"este_01165052_12260\" width=\"280\" height=\"189\" \/><\/a><\/p>\n<p><strong>Le Salento<\/strong> danse aux rythmes de <span class=\"misspell\">Pizzica<\/span> pendant la nuit de la <span class=\"misspell\">Taranta.<\/span><\/p>\n<p>Un \u00c9v\u00e9nement tr\u00e8s attendu et \u00e0 ne pas perdre est le rendez-vous estival de l&#8217;\u00e9t\u00e9 &#8220;<span class=\"misspell\">salentina<\/span>&#8220;. <strong>La <span class=\"misspell\">Notte<\/span> <span class=\"misspell\">della<\/span> <span class=\"misspell\">Taranta<\/span><\/strong> est une suggestive kermesse de musique populaire qui se d\u00e9roule chaque ann\u00e9e au mois d&#8217;ao\u00fbt dans diff\u00e9rentes communes de la <span class=\"misspell\">Grecia<\/span> <span class=\"misspell\">salentina<\/span>.<!--more--><\/p>\n<p>En 2009, cette kermesse arrivera \u00e0 sa douzi\u00e8me \u00e9dition. Le festival est n\u00e9 en 1998 sur une initiative de l&#8217;union des communes de la <span class=\"misspell\">grecia<\/span> <span class=\"misspell\">salentina<\/span> (<em><span class=\"misspell\">Calimera<\/span>, <span class=\"misspell\">Carpignano<\/span> <span class=\"misspell\">Salentino<\/span>, <span class=\"misspell\">Castrignano<\/span> <span class=\"misspell\">dei<\/span> <span class=\"misspell\">Greci<\/span>, <span class=\"misspell\">Corigliano<\/span> <span class=\"misspell\">d\u2019Otranto<\/span>, <span class=\"misspell\">Cutrofiano<\/span>, <span class=\"misspell\">Martano<\/span>, <span class=\"misspell\">Martignano<\/span>, <span class=\"misspell\">Melpignano<\/span>, <span class=\"misspell\">Soleto<\/span>, <span class=\"misspell\">Sternatia<\/span> e <span class=\"misspell\">Zollino<\/span><\/em>) et de l&#8217;Institut <span class=\"misspell\">Diego<\/span> <span class=\"misspell\">Carpitella<\/span>. Avec les ann\u00e9es cet \u00e9v\u00e8nement est devenu un des rendez-vous les plus attendu d&#8217;Italie.<br \/>\nD&#8217;apr\u00e8s une ancienne l\u00e9gende, la <span class=\"misspell\">pizzica<\/span> \u00e9tait la musique qui accompagnait la dans fr\u00e9n\u00e9tique qui \u00e9tait en r\u00e9alit\u00e9 un rituel contre la morsure imaginaire de la <span class=\"misspell\">tarantule<\/span>, une araign\u00e9e v\u00e9n\u00e9neuse typiques des campagnes des <span class=\"misspell\">Pouilles<\/span>.<\/p>\n<p>La L\u00e9gende raconte en effet, qu&#8217;une femme qui se faisait mordre par cette araign\u00e9e commen\u00e7ait \u00e0 danser fr\u00e9n\u00e9tiquement sans <span class=\"misspell\">arret<\/span> aux ry<span class=\"misspell\">thmes<\/span> des tambourins. La sueur servait <span class=\"misspell\">ad<\/span> \u00e9liminer le venin.<\/p>\n<p>Cette danse a obtenu un grand succ\u00e8s. L&#8217;\u00e9v\u00e9nement compte environ 100.000 spectateurs. Pendant les soir\u00e9es qui animent se festivals ont lieu d&#8217;innombrables concerts.<\/p>\n","protected":false},"excerpt":{"rendered":"<p>Le Salento danse aux rythmes de Pizzica pendant la nuit de la Taranta. Un \u00c9v\u00e9nement tr\u00e8s attendu et \u00e0 ne pas perdre est le rendez-vous estival de l&#8217;\u00e9t\u00e9 &#8220;salentina&#8220;. La Notte della Taranta est une suggestive kermesse de musique populaire qui se d\u00e9roule chaque ann\u00e9e au mois d&#8217;ao\u00fbt dans diff\u00e9rentes communes de la Grecia salentina.<\/p>\n","protected":false},"author":2,"featured_media":0,"comment_status":"open","ping_status":"open","sticky":false,"template":"","format":"standard","meta":{"footnotes":""},"categories":[3,43],"tags":[102,104,103],"class_list":["post-200","post","type-post","status-publish","format-standard","hentry","category-evenements-en-italie","category-pouilles","tag-evenements-en-pouilles","tag-concert-italie","tag-notte-della-taranta"],"yoast_head":"<!-- This site is optimized with the Yoast SEO plugin v25.5 - https:\/\/yoast.com\/wordpress\/plugins\/seo\/ -->\n<title>La Notte della Taranta, concerts et fetstivals en Pouilles - Voyages et Vacances en Italie<\/title>\n<meta name=\"robots\" content=\"index, follow, max-snippet:-1, max-image-preview:large, max-video-preview:-1\" \/>\n<link rel=\"canonical\" href=\"https:\/\/www.vacancesitalie.net\/voyages\/200\/la-notte-della-taranta-concerts-et-fetstivals-en-pouilles\/\" \/>\n<meta property=\"og:locale\" content=\"en_US\" \/>\n<meta property=\"og:type\" content=\"article\" \/>\n<meta property=\"og:title\" content=\"La Notte della Taranta, concerts et fetstivals en Pouilles - Voyages et Vacances en Italie\" \/>\n<meta property=\"og:description\" content=\"Le Salento danse aux rythmes de Pizzica pendant la nuit de la Taranta. Un \u00c9v\u00e9nement tr\u00e8s attendu et \u00e0 ne pas perdre est le rendez-vous estival de l&#8217;\u00e9t\u00e9 &#8220;salentina&#8220;. La Notte della Taranta est une suggestive kermesse de musique populaire qui se d\u00e9roule chaque ann\u00e9e au mois d&#8217;ao\u00fbt dans diff\u00e9rentes communes de la Grecia salentina.\" \/>\n<meta property=\"og:url\" content=\"https:\/\/www.vacancesitalie.net\/voyages\/200\/la-notte-della-taranta-concerts-et-fetstivals-en-pouilles\/\" \/>\n<meta property=\"og:site_name\" content=\"Voyages et Vacances en Italie\" \/>\n<meta property=\"article:published_time\" content=\"2009-06-25T11:50:35+00:00\" \/>\n<meta property=\"article:modified_time\" content=\"2009-06-25T11:53:29+00:00\" \/>\n<meta property=\"og:image\" content=\"http:\/\/www.vacancesitalie.net\/voyages\/wp-content\/uploads\/este_01165052_12260.jpg\" \/>\n<meta name=\"author\" content=\"Sabina\" \/>\n<meta name=\"twitter:card\" content=\"summary_large_image\" \/>\n<meta name=\"twitter:label1\" content=\"Written by\" \/>\n\t<meta name=\"twitter:data1\" content=\"Sabina\" \/>\n\t<meta name=\"twitter:label2\" content=\"Est. reading time\" \/>\n\t<meta name=\"twitter:data2\" content=\"1 minute\" \/>\n<script type=\"application\/ld+json\" class=\"yoast-schema-graph\">{\"@context\":\"https:\/\/schema.org\",\"@graph\":[{\"@type\":\"WebPage\",\"@id\":\"https:\/\/www.vacancesitalie.net\/voyages\/200\/la-notte-della-taranta-concerts-et-fetstivals-en-pouilles\/\",\"url\":\"https:\/\/www.vacancesitalie.net\/voyages\/200\/la-notte-della-taranta-concerts-et-fetstivals-en-pouilles\/\",\"name\":\"La Notte della Taranta, concerts et fetstivals en Pouilles - Voyages et Vacances en Italie\",\"isPartOf\":{\"@id\":\"https:\/\/www.vacancesitalie.net\/voyages\/#website\"},\"primaryImageOfPage\":{\"@id\":\"https:\/\/www.vacancesitalie.net\/voyages\/200\/la-notte-della-taranta-concerts-et-fetstivals-en-pouilles\/#primaryimage\"},\"image\":{\"@id\":\"https:\/\/www.vacancesitalie.net\/voyages\/200\/la-notte-della-taranta-concerts-et-fetstivals-en-pouilles\/#primaryimage\"},\"thumbnailUrl\":\"http:\/\/www.vacancesitalie.net\/voyages\/wp-content\/uploads\/este_01165052_12260.jpg\",\"datePublished\":\"2009-06-25T11:50:35+00:00\",\"dateModified\":\"2009-06-25T11:53:29+00:00\",\"author\":{\"@id\":\"https:\/\/www.vacancesitalie.net\/voyages\/#\/schema\/person\/d9c0cba9e2ddf7916a42f0582a4eb6d3\"},\"breadcrumb\":{\"@id\":\"https:\/\/www.vacancesitalie.net\/voyages\/200\/la-notte-della-taranta-concerts-et-fetstivals-en-pouilles\/#breadcrumb\"},\"inLanguage\":\"en-US\",\"potentialAction\":[{\"@type\":\"ReadAction\",\"target\":[\"https:\/\/www.vacancesitalie.net\/voyages\/200\/la-notte-della-taranta-concerts-et-fetstivals-en-pouilles\/\"]}]},{\"@type\":\"ImageObject\",\"inLanguage\":\"en-US\",\"@id\":\"https:\/\/www.vacancesitalie.net\/voyages\/200\/la-notte-della-taranta-concerts-et-fetstivals-en-pouilles\/#primaryimage\",\"url\":\"https:\/\/www.vacancesitalie.net\/voyages\/wp-content\/uploads\/este_01165052_12260.jpg\",\"contentUrl\":\"https:\/\/www.vacancesitalie.net\/voyages\/wp-content\/uploads\/este_01165052_12260.jpg\",\"width\":\"280\",\"height\":\"189\"},{\"@type\":\"BreadcrumbList\",\"@id\":\"https:\/\/www.vacancesitalie.net\/voyages\/200\/la-notte-della-taranta-concerts-et-fetstivals-en-pouilles\/#breadcrumb\",\"itemListElement\":[{\"@type\":\"ListItem\",\"position\":1,\"name\":\"Home\",\"item\":\"https:\/\/www.vacancesitalie.net\/voyages\/\"},{\"@type\":\"ListItem\",\"position\":2,\"name\":\"La Notte della Taranta, concerts et fetstivals en Pouilles\"}]},{\"@type\":\"WebSite\",\"@id\":\"https:\/\/www.vacancesitalie.net\/voyages\/#website\",\"url\":\"https:\/\/www.vacancesitalie.net\/voyages\/\",\"name\":\"Voyages et Vacances en Italie\",\"description\":\"Astuces, renseignements et information sur l\\\\&#039;Italie. Divis\u00e9 par cat\u00e9gorie et par r\u00e9gion. Ev\u00e9nements, festivals et foires pour organiser les vacances en Italie.\",\"potentialAction\":[{\"@type\":\"SearchAction\",\"target\":{\"@type\":\"EntryPoint\",\"urlTemplate\":\"https:\/\/www.vacancesitalie.net\/voyages\/?s={search_term_string}\"},\"query-input\":{\"@type\":\"PropertyValueSpecification\",\"valueRequired\":true,\"valueName\":\"search_term_string\"}}],\"inLanguage\":\"en-US\"},{\"@type\":\"Person\",\"@id\":\"https:\/\/www.vacancesitalie.net\/voyages\/#\/schema\/person\/d9c0cba9e2ddf7916a42f0582a4eb6d3\",\"name\":\"Sabina\",\"image\":{\"@type\":\"ImageObject\",\"inLanguage\":\"en-US\",\"@id\":\"https:\/\/www.vacancesitalie.net\/voyages\/#\/schema\/person\/image\/\",\"url\":\"https:\/\/secure.gravatar.com\/avatar\/da4dd590f7e9848c9618b8d34f6b1940d31b1b4b925c9b305d9f76b85a9ee354?s=96&d=mm&r=g\",\"contentUrl\":\"https:\/\/secure.gravatar.com\/avatar\/da4dd590f7e9848c9618b8d34f6b1940d31b1b4b925c9b305d9f76b85a9ee354?s=96&d=mm&r=g\",\"caption\":\"Sabina\"},\"sameAs\":[\"http:\/\/\"]}]}<\/script>\n<!-- \/ Yoast SEO plugin. -->","yoast_head_json":{"title":"La Notte della Taranta, concerts et fetstivals en Pouilles - Voyages et Vacances en Italie","robots":{"index":"index","follow":"follow","max-snippet":"max-snippet:-1","max-image-preview":"max-image-preview:large","max-video-preview":"max-video-preview:-1"},"canonical":"https:\/\/www.vacancesitalie.net\/voyages\/200\/la-notte-della-taranta-concerts-et-fetstivals-en-pouilles\/","og_locale":"en_US","og_type":"article","og_title":"La Notte della Taranta, concerts et fetstivals en Pouilles - Voyages et Vacances en Italie","og_description":"Le Salento danse aux rythmes de Pizzica pendant la nuit de la Taranta. Un \u00c9v\u00e9nement tr\u00e8s attendu et \u00e0 ne pas perdre est le rendez-vous estival de l&#8217;\u00e9t\u00e9 &#8220;salentina&#8220;. La Notte della Taranta est une suggestive kermesse de musique populaire qui se d\u00e9roule chaque ann\u00e9e au mois d&#8217;ao\u00fbt dans diff\u00e9rentes communes de la Grecia salentina.","og_url":"https:\/\/www.vacancesitalie.net\/voyages\/200\/la-notte-della-taranta-concerts-et-fetstivals-en-pouilles\/","og_site_name":"Voyages et Vacances en Italie","article_published_time":"2009-06-25T11:50:35+00:00","article_modified_time":"2009-06-25T11:53:29+00:00","og_image":[{"url":"http:\/\/www.vacancesitalie.net\/voyages\/wp-content\/uploads\/este_01165052_12260.jpg","type":"","width":"","height":""}],"author":"Sabina","twitter_card":"summary_large_image","twitter_misc":{"Written by":"Sabina","Est. reading time":"1 minute"},"schema":{"@context":"https:\/\/schema.org","@graph":[{"@type":"WebPage","@id":"https:\/\/www.vacancesitalie.net\/voyages\/200\/la-notte-della-taranta-concerts-et-fetstivals-en-pouilles\/","url":"https:\/\/www.vacancesitalie.net\/voyages\/200\/la-notte-della-taranta-concerts-et-fetstivals-en-pouilles\/","name":"La Notte della Taranta, concerts et fetstivals en Pouilles - Voyages et Vacances en Italie","isPartOf":{"@id":"https:\/\/www.vacancesitalie.net\/voyages\/#website"},"primaryImageOfPage":{"@id":"https:\/\/www.vacancesitalie.net\/voyages\/200\/la-notte-della-taranta-concerts-et-fetstivals-en-pouilles\/#primaryimage"},"image":{"@id":"https:\/\/www.vacancesitalie.net\/voyages\/200\/la-notte-della-taranta-concerts-et-fetstivals-en-pouilles\/#primaryimage"},"thumbnailUrl":"http:\/\/www.vacancesitalie.net\/voyages\/wp-content\/uploads\/este_01165052_12260.jpg","datePublished":"2009-06-25T11:50:35+00:00","dateModified":"2009-06-25T11:53:29+00:00","author":{"@id":"https:\/\/www.vacancesitalie.net\/voyages\/#\/schema\/person\/d9c0cba9e2ddf7916a42f0582a4eb6d3"},"breadcrumb":{"@id":"https:\/\/www.vacancesitalie.net\/voyages\/200\/la-notte-della-taranta-concerts-et-fetstivals-en-pouilles\/#breadcrumb"},"inLanguage":"en-US","potentialAction":[{"@type":"ReadAction","target":["https:\/\/www.vacancesitalie.net\/voyages\/200\/la-notte-della-taranta-concerts-et-fetstivals-en-pouilles\/"]}]},{"@type":"ImageObject","inLanguage":"en-US","@id":"https:\/\/www.vacancesitalie.net\/voyages\/200\/la-notte-della-taranta-concerts-et-fetstivals-en-pouilles\/#primaryimage","url":"https:\/\/www.vacancesitalie.net\/voyages\/wp-content\/uploads\/este_01165052_12260.jpg","contentUrl":"https:\/\/www.vacancesitalie.net\/voyages\/wp-content\/uploads\/este_01165052_12260.jpg","width":"280","height":"189"},{"@type":"BreadcrumbList","@id":"https:\/\/www.vacancesitalie.net\/voyages\/200\/la-notte-della-taranta-concerts-et-fetstivals-en-pouilles\/#breadcrumb","itemListElement":[{"@type":"ListItem","position":1,"name":"Home","item":"https:\/\/www.vacancesitalie.net\/voyages\/"},{"@type":"ListItem","position":2,"name":"La Notte della Taranta, concerts et fetstivals en Pouilles"}]},{"@type":"WebSite","@id":"https:\/\/www.vacancesitalie.net\/voyages\/#website","url":"https:\/\/www.vacancesitalie.net\/voyages\/","name":"Voyages et Vacances en Italie","description":"Astuces, renseignements et information sur l\\&#039;Italie. Divis\u00e9 par cat\u00e9gorie et par r\u00e9gion. Ev\u00e9nements, festivals et foires pour organiser les vacances en Italie.","potentialAction":[{"@type":"SearchAction","target":{"@type":"EntryPoint","urlTemplate":"https:\/\/www.vacancesitalie.net\/voyages\/?s={search_term_string}"},"query-input":{"@type":"PropertyValueSpecification","valueRequired":true,"valueName":"search_term_string"}}],"inLanguage":"en-US"},{"@type":"Person","@id":"https:\/\/www.vacancesitalie.net\/voyages\/#\/schema\/person\/d9c0cba9e2ddf7916a42f0582a4eb6d3","name":"Sabina","image":{"@type":"ImageObject","inLanguage":"en-US","@id":"https:\/\/www.vacancesitalie.net\/voyages\/#\/schema\/person\/image\/","url":"https:\/\/secure.gravatar.com\/avatar\/da4dd590f7e9848c9618b8d34f6b1940d31b1b4b925c9b305d9f76b85a9ee354?s=96&d=mm&r=g","contentUrl":"https:\/\/secure.gravatar.com\/avatar\/da4dd590f7e9848c9618b8d34f6b1940d31b1b4b925c9b305d9f76b85a9ee354?s=96&d=mm&r=g","caption":"Sabina"},"sameAs":["http:\/\/"]}]}},"_links":{"self":[{"href":"https:\/\/www.vacancesitalie.net\/voyages\/wp-json\/wp\/v2\/posts\/200","targetHints":{"allow":["GET"]}}],"collection":[{"href":"https:\/\/www.vacancesitalie.net\/voyages\/wp-json\/wp\/v2\/posts"}],"about":[{"href":"https:\/\/www.vacancesitalie.net\/voyages\/wp-json\/wp\/v2\/types\/post"}],"author":[{"embeddable":true,"href":"https:\/\/www.vacancesitalie.net\/voyages\/wp-json\/wp\/v2\/users\/2"}],"replies":[{"embeddable":true,"href":"https:\/\/www.vacancesitalie.net\/voyages\/wp-json\/wp\/v2\/comments?post=200"}],"version-history":[{"count":0,"href":"https:\/\/www.vacancesitalie.net\/voyages\/wp-json\/wp\/v2\/posts\/200\/revisions"}],"wp:attachment":[{"href":"https:\/\/www.vacancesitalie.net\/voyages\/wp-json\/wp\/v2\/media?parent=200"}],"wp:term":[{"taxonomy":"category","embeddable":true,"href":"https:\/\/www.vacancesitalie.net\/voyages\/wp-json\/wp\/v2\/categories?post=200"},{"taxonomy":"post_tag","embeddable":true,"href":"https:\/\/www.vacancesitalie.net\/voyages\/wp-json\/wp\/v2\/tags?post=200"}],"curies":[{"name":"wp","href":"https:\/\/api.w.org\/{rel}","templated":true}]}}