{"id":93,"date":"2008-08-21T10:35:59","date_gmt":"2008-08-21T09:35:59","guid":{"rendered":"http:\/\/italie.ilcomuneinforma.it\/voyages\/?p=93"},"modified":"2008-08-21T10:35:59","modified_gmt":"2008-08-21T09:35:59","slug":"quatorzieme-edition-du-film-festival-de-la-lessinia-a-verone-cerro-veronoese","status":"publish","type":"post","link":"https:\/\/www.vacancesitalie.net\/voyages\/93\/quatorzieme-edition-du-film-festival-de-la-lessinia-a-verone-cerro-veronoese\/","title":{"rendered":"Quatorzi\u00e8me \u00e9dition du film Festival de la lessinia a V\u00e9rone (Cerro Veronoese)"},"content":{"rendered":"<p><img loading=\"lazy\" decoding=\"async\" class=\"alignleft\" style=\"float: left;\" src=\"http:\/\/www.finesettimana.it\/upload\/img_upload\/lessinia.jpg\" alt=\"\" width=\"140\" height=\"124\" \/><\/p>\n<p style=\"text-align: left;\">Concours internationale de cin\u00e9ma sur le th\u00e8me &#8220;<em>Vie, histoire et tradition en montagne<\/em>&#8221;<br \/>\nLe Festival se d\u00e9roulera pr\u00e8s du nouveau si\u00e8ge\u00a0 du Th\u00e9\u00e2tre Vittoria de Bosco Chiesanuova.<\/p>\n<p>Le programme de la14 \u00e8me \u00e9dition ouvrira les portes samedi 23 ao\u00fbt aura lieu pendant 9  soir\u00e9es et commenceront \u00e0 21.00. Neuf soir\u00e9es durant lesquelles seront projet\u00e9s des films dans deux salles.<br \/>\nIl y aura aussi des rencontres, des concerts et beaucoup d&#8217;autres \u00e9v\u00e9nements qui enrichisseront les soir\u00e9es. La\u00a0 finale aura lieu le 30 ao\u00fbt avec la proclamation des vainqueurs.<\/p>\n<p>info: www.filmfestivallessinia.it<\/p>\n","protected":false},"excerpt":{"rendered":"<p>Concours internationale de cin\u00e9ma sur le th\u00e8me &#8220;Vie, histoire et tradition en montagne&#8221; Le Festival se d\u00e9roulera pr\u00e8s du nouveau si\u00e8ge\u00a0 du Th\u00e9\u00e2tre Vittoria de Bosco Chiesanuova. Le programme de la14 \u00e8me \u00e9dition ouvrira les portes samedi 23 ao\u00fbt aura lieu pendant 9 soir\u00e9es et commenceront \u00e0 21.00. Neuf soir\u00e9es durant lesquelles seront projet\u00e9s des films dans deux salles. Il y aura aussi des rencontres, des concerts et beaucoup d&#8217;autres \u00e9v\u00e9nements qui enrichisseront les soir\u00e9es. La\u00a0 finale aura lieu le 30 ao\u00fbt avec la proclamation des vainqueurs. info: www.filmfestivallessinia.it<\/p>\n","protected":false},"author":2,"featured_media":0,"comment_status":"open","ping_status":"open","sticky":false,"template":"","format":"standard","meta":{"footnotes":""},"categories":[3],"tags":[],"class_list":["post-93","post","type-post","status-publish","format-standard","hentry","category-evenements-en-italie"],"yoast_head":"<!-- This site is optimized with the Yoast SEO plugin v25.5 - https:\/\/yoast.com\/wordpress\/plugins\/seo\/ -->\n<title>Quatorzi\u00e8me \u00e9dition du film Festival de la lessinia a V\u00e9rone (Cerro Veronoese) - Voyages et Vacances en Italie<\/title>\n<meta name=\"robots\" content=\"index, follow, max-snippet:-1, max-image-preview:large, max-video-preview:-1\" \/>\n<link rel=\"canonical\" href=\"https:\/\/www.vacancesitalie.net\/voyages\/93\/quatorzieme-edition-du-film-festival-de-la-lessinia-a-verone-cerro-veronoese\/\" \/>\n<meta property=\"og:locale\" content=\"en_US\" \/>\n<meta property=\"og:type\" content=\"article\" \/>\n<meta property=\"og:title\" content=\"Quatorzi\u00e8me \u00e9dition du film Festival de la lessinia a V\u00e9rone (Cerro Veronoese) - Voyages et Vacances en Italie\" \/>\n<meta property=\"og:description\" content=\"Concours internationale de cin\u00e9ma sur le th\u00e8me &#8220;Vie, histoire et tradition en montagne&#8221; Le Festival se d\u00e9roulera pr\u00e8s du nouveau si\u00e8ge\u00a0 du Th\u00e9\u00e2tre Vittoria de Bosco Chiesanuova. Le programme de la14 \u00e8me \u00e9dition ouvrira les portes samedi 23 ao\u00fbt aura lieu pendant 9 soir\u00e9es et commenceront \u00e0 21.00. Neuf soir\u00e9es durant lesquelles seront projet\u00e9s des films dans deux salles. Il y aura aussi des rencontres, des concerts et beaucoup d&#8217;autres \u00e9v\u00e9nements qui enrichisseront les soir\u00e9es. La\u00a0 finale aura lieu le 30 ao\u00fbt avec la proclamation des vainqueurs. info: www.filmfestivallessinia.it\" \/>\n<meta property=\"og:url\" content=\"https:\/\/www.vacancesitalie.net\/voyages\/93\/quatorzieme-edition-du-film-festival-de-la-lessinia-a-verone-cerro-veronoese\/\" \/>\n<meta property=\"og:site_name\" content=\"Voyages et Vacances en Italie\" \/>\n<meta property=\"article:published_time\" content=\"2008-08-21T09:35:59+00:00\" \/>\n<meta property=\"og:image\" content=\"http:\/\/www.finesettimana.it\/upload\/img_upload\/lessinia.jpg\" \/>\n<meta name=\"author\" content=\"Sabina\" \/>\n<meta name=\"twitter:card\" content=\"summary_large_image\" \/>\n<meta name=\"twitter:label1\" content=\"Written by\" \/>\n\t<meta name=\"twitter:data1\" content=\"Sabina\" \/>\n<script type=\"application\/ld+json\" class=\"yoast-schema-graph\">{\"@context\":\"https:\/\/schema.org\",\"@graph\":[{\"@type\":\"WebPage\",\"@id\":\"https:\/\/www.vacancesitalie.net\/voyages\/93\/quatorzieme-edition-du-film-festival-de-la-lessinia-a-verone-cerro-veronoese\/\",\"url\":\"https:\/\/www.vacancesitalie.net\/voyages\/93\/quatorzieme-edition-du-film-festival-de-la-lessinia-a-verone-cerro-veronoese\/\",\"name\":\"Quatorzi\u00e8me \u00e9dition du film Festival de la lessinia a V\u00e9rone (Cerro Veronoese) - Voyages et Vacances en Italie\",\"isPartOf\":{\"@id\":\"https:\/\/www.vacancesitalie.net\/voyages\/#website\"},\"primaryImageOfPage\":{\"@id\":\"https:\/\/www.vacancesitalie.net\/voyages\/93\/quatorzieme-edition-du-film-festival-de-la-lessinia-a-verone-cerro-veronoese\/#primaryimage\"},\"image\":{\"@id\":\"https:\/\/www.vacancesitalie.net\/voyages\/93\/quatorzieme-edition-du-film-festival-de-la-lessinia-a-verone-cerro-veronoese\/#primaryimage\"},\"thumbnailUrl\":\"http:\/\/www.finesettimana.it\/upload\/img_upload\/lessinia.jpg\",\"datePublished\":\"2008-08-21T09:35:59+00:00\",\"author\":{\"@id\":\"https:\/\/www.vacancesitalie.net\/voyages\/#\/schema\/person\/d9c0cba9e2ddf7916a42f0582a4eb6d3\"},\"breadcrumb\":{\"@id\":\"https:\/\/www.vacancesitalie.net\/voyages\/93\/quatorzieme-edition-du-film-festival-de-la-lessinia-a-verone-cerro-veronoese\/#breadcrumb\"},\"inLanguage\":\"en-US\",\"potentialAction\":[{\"@type\":\"ReadAction\",\"target\":[\"https:\/\/www.vacancesitalie.net\/voyages\/93\/quatorzieme-edition-du-film-festival-de-la-lessinia-a-verone-cerro-veronoese\/\"]}]},{\"@type\":\"ImageObject\",\"inLanguage\":\"en-US\",\"@id\":\"https:\/\/www.vacancesitalie.net\/voyages\/93\/quatorzieme-edition-du-film-festival-de-la-lessinia-a-verone-cerro-veronoese\/#primaryimage\",\"url\":\"http:\/\/www.finesettimana.it\/upload\/img_upload\/lessinia.jpg\",\"contentUrl\":\"http:\/\/www.finesettimana.it\/upload\/img_upload\/lessinia.jpg\"},{\"@type\":\"BreadcrumbList\",\"@id\":\"https:\/\/www.vacancesitalie.net\/voyages\/93\/quatorzieme-edition-du-film-festival-de-la-lessinia-a-verone-cerro-veronoese\/#breadcrumb\",\"itemListElement\":[{\"@type\":\"ListItem\",\"position\":1,\"name\":\"Home\",\"item\":\"https:\/\/www.vacancesitalie.net\/voyages\/\"},{\"@type\":\"ListItem\",\"position\":2,\"name\":\"Quatorzi\u00e8me \u00e9dition du film Festival de la lessinia a V\u00e9rone (Cerro Veronoese)\"}]},{\"@type\":\"WebSite\",\"@id\":\"https:\/\/www.vacancesitalie.net\/voyages\/#website\",\"url\":\"https:\/\/www.vacancesitalie.net\/voyages\/\",\"name\":\"Voyages et Vacances en Italie\",\"description\":\"Astuces, renseignements et information sur l\\\\&#039;Italie. Divis\u00e9 par cat\u00e9gorie et par r\u00e9gion. Ev\u00e9nements, festivals et foires pour organiser les vacances en Italie.\",\"potentialAction\":[{\"@type\":\"SearchAction\",\"target\":{\"@type\":\"EntryPoint\",\"urlTemplate\":\"https:\/\/www.vacancesitalie.net\/voyages\/?s={search_term_string}\"},\"query-input\":{\"@type\":\"PropertyValueSpecification\",\"valueRequired\":true,\"valueName\":\"search_term_string\"}}],\"inLanguage\":\"en-US\"},{\"@type\":\"Person\",\"@id\":\"https:\/\/www.vacancesitalie.net\/voyages\/#\/schema\/person\/d9c0cba9e2ddf7916a42f0582a4eb6d3\",\"name\":\"Sabina\",\"image\":{\"@type\":\"ImageObject\",\"inLanguage\":\"en-US\",\"@id\":\"https:\/\/www.vacancesitalie.net\/voyages\/#\/schema\/person\/image\/\",\"url\":\"https:\/\/secure.gravatar.com\/avatar\/da4dd590f7e9848c9618b8d34f6b1940d31b1b4b925c9b305d9f76b85a9ee354?s=96&d=mm&r=g\",\"contentUrl\":\"https:\/\/secure.gravatar.com\/avatar\/da4dd590f7e9848c9618b8d34f6b1940d31b1b4b925c9b305d9f76b85a9ee354?s=96&d=mm&r=g\",\"caption\":\"Sabina\"},\"sameAs\":[\"http:\/\/\"]}]}<\/script>\n<!-- \/ Yoast SEO plugin. -->","yoast_head_json":{"title":"Quatorzi\u00e8me \u00e9dition du film Festival de la lessinia a V\u00e9rone (Cerro Veronoese) - Voyages et Vacances en Italie","robots":{"index":"index","follow":"follow","max-snippet":"max-snippet:-1","max-image-preview":"max-image-preview:large","max-video-preview":"max-video-preview:-1"},"canonical":"https:\/\/www.vacancesitalie.net\/voyages\/93\/quatorzieme-edition-du-film-festival-de-la-lessinia-a-verone-cerro-veronoese\/","og_locale":"en_US","og_type":"article","og_title":"Quatorzi\u00e8me \u00e9dition du film Festival de la lessinia a V\u00e9rone (Cerro Veronoese) - Voyages et Vacances en Italie","og_description":"Concours internationale de cin\u00e9ma sur le th\u00e8me &#8220;Vie, histoire et tradition en montagne&#8221; Le Festival se d\u00e9roulera pr\u00e8s du nouveau si\u00e8ge\u00a0 du Th\u00e9\u00e2tre Vittoria de Bosco Chiesanuova. Le programme de la14 \u00e8me \u00e9dition ouvrira les portes samedi 23 ao\u00fbt aura lieu pendant 9 soir\u00e9es et commenceront \u00e0 21.00. Neuf soir\u00e9es durant lesquelles seront projet\u00e9s des films dans deux salles. Il y aura aussi des rencontres, des concerts et beaucoup d&#8217;autres \u00e9v\u00e9nements qui enrichisseront les soir\u00e9es. La\u00a0 finale aura lieu le 30 ao\u00fbt avec la proclamation des vainqueurs. info: www.filmfestivallessinia.it","og_url":"https:\/\/www.vacancesitalie.net\/voyages\/93\/quatorzieme-edition-du-film-festival-de-la-lessinia-a-verone-cerro-veronoese\/","og_site_name":"Voyages et Vacances en Italie","article_published_time":"2008-08-21T09:35:59+00:00","og_image":[{"url":"http:\/\/www.finesettimana.it\/upload\/img_upload\/lessinia.jpg","type":"","width":"","height":""}],"author":"Sabina","twitter_card":"summary_large_image","twitter_misc":{"Written by":"Sabina"},"schema":{"@context":"https:\/\/schema.org","@graph":[{"@type":"WebPage","@id":"https:\/\/www.vacancesitalie.net\/voyages\/93\/quatorzieme-edition-du-film-festival-de-la-lessinia-a-verone-cerro-veronoese\/","url":"https:\/\/www.vacancesitalie.net\/voyages\/93\/quatorzieme-edition-du-film-festival-de-la-lessinia-a-verone-cerro-veronoese\/","name":"Quatorzi\u00e8me \u00e9dition du film Festival de la lessinia a V\u00e9rone (Cerro Veronoese) - Voyages et Vacances en Italie","isPartOf":{"@id":"https:\/\/www.vacancesitalie.net\/voyages\/#website"},"primaryImageOfPage":{"@id":"https:\/\/www.vacancesitalie.net\/voyages\/93\/quatorzieme-edition-du-film-festival-de-la-lessinia-a-verone-cerro-veronoese\/#primaryimage"},"image":{"@id":"https:\/\/www.vacancesitalie.net\/voyages\/93\/quatorzieme-edition-du-film-festival-de-la-lessinia-a-verone-cerro-veronoese\/#primaryimage"},"thumbnailUrl":"http:\/\/www.finesettimana.it\/upload\/img_upload\/lessinia.jpg","datePublished":"2008-08-21T09:35:59+00:00","author":{"@id":"https:\/\/www.vacancesitalie.net\/voyages\/#\/schema\/person\/d9c0cba9e2ddf7916a42f0582a4eb6d3"},"breadcrumb":{"@id":"https:\/\/www.vacancesitalie.net\/voyages\/93\/quatorzieme-edition-du-film-festival-de-la-lessinia-a-verone-cerro-veronoese\/#breadcrumb"},"inLanguage":"en-US","potentialAction":[{"@type":"ReadAction","target":["https:\/\/www.vacancesitalie.net\/voyages\/93\/quatorzieme-edition-du-film-festival-de-la-lessinia-a-verone-cerro-veronoese\/"]}]},{"@type":"ImageObject","inLanguage":"en-US","@id":"https:\/\/www.vacancesitalie.net\/voyages\/93\/quatorzieme-edition-du-film-festival-de-la-lessinia-a-verone-cerro-veronoese\/#primaryimage","url":"http:\/\/www.finesettimana.it\/upload\/img_upload\/lessinia.jpg","contentUrl":"http:\/\/www.finesettimana.it\/upload\/img_upload\/lessinia.jpg"},{"@type":"BreadcrumbList","@id":"https:\/\/www.vacancesitalie.net\/voyages\/93\/quatorzieme-edition-du-film-festival-de-la-lessinia-a-verone-cerro-veronoese\/#breadcrumb","itemListElement":[{"@type":"ListItem","position":1,"name":"Home","item":"https:\/\/www.vacancesitalie.net\/voyages\/"},{"@type":"ListItem","position":2,"name":"Quatorzi\u00e8me \u00e9dition du film Festival de la lessinia a V\u00e9rone (Cerro Veronoese)"}]},{"@type":"WebSite","@id":"https:\/\/www.vacancesitalie.net\/voyages\/#website","url":"https:\/\/www.vacancesitalie.net\/voyages\/","name":"Voyages et Vacances en Italie","description":"Astuces, renseignements et information sur l\\&#039;Italie. Divis\u00e9 par cat\u00e9gorie et par r\u00e9gion. Ev\u00e9nements, festivals et foires pour organiser les vacances en Italie.","potentialAction":[{"@type":"SearchAction","target":{"@type":"EntryPoint","urlTemplate":"https:\/\/www.vacancesitalie.net\/voyages\/?s={search_term_string}"},"query-input":{"@type":"PropertyValueSpecification","valueRequired":true,"valueName":"search_term_string"}}],"inLanguage":"en-US"},{"@type":"Person","@id":"https:\/\/www.vacancesitalie.net\/voyages\/#\/schema\/person\/d9c0cba9e2ddf7916a42f0582a4eb6d3","name":"Sabina","image":{"@type":"ImageObject","inLanguage":"en-US","@id":"https:\/\/www.vacancesitalie.net\/voyages\/#\/schema\/person\/image\/","url":"https:\/\/secure.gravatar.com\/avatar\/da4dd590f7e9848c9618b8d34f6b1940d31b1b4b925c9b305d9f76b85a9ee354?s=96&d=mm&r=g","contentUrl":"https:\/\/secure.gravatar.com\/avatar\/da4dd590f7e9848c9618b8d34f6b1940d31b1b4b925c9b305d9f76b85a9ee354?s=96&d=mm&r=g","caption":"Sabina"},"sameAs":["http:\/\/"]}]}},"_links":{"self":[{"href":"https:\/\/www.vacancesitalie.net\/voyages\/wp-json\/wp\/v2\/posts\/93","targetHints":{"allow":["GET"]}}],"collection":[{"href":"https:\/\/www.vacancesitalie.net\/voyages\/wp-json\/wp\/v2\/posts"}],"about":[{"href":"https:\/\/www.vacancesitalie.net\/voyages\/wp-json\/wp\/v2\/types\/post"}],"author":[{"embeddable":true,"href":"https:\/\/www.vacancesitalie.net\/voyages\/wp-json\/wp\/v2\/users\/2"}],"replies":[{"embeddable":true,"href":"https:\/\/www.vacancesitalie.net\/voyages\/wp-json\/wp\/v2\/comments?post=93"}],"version-history":[{"count":0,"href":"https:\/\/www.vacancesitalie.net\/voyages\/wp-json\/wp\/v2\/posts\/93\/revisions"}],"wp:attachment":[{"href":"https:\/\/www.vacancesitalie.net\/voyages\/wp-json\/wp\/v2\/media?parent=93"}],"wp:term":[{"taxonomy":"category","embeddable":true,"href":"https:\/\/www.vacancesitalie.net\/voyages\/wp-json\/wp\/v2\/categories?post=93"},{"taxonomy":"post_tag","embeddable":true,"href":"https:\/\/www.vacancesitalie.net\/voyages\/wp-json\/wp\/v2\/tags?post=93"}],"curies":[{"name":"wp","href":"https:\/\/api.w.org\/{rel}","templated":true}]}}